{"id":773,"date":"1993-09-15T20:17:01","date_gmt":"1993-09-15T18:17:01","guid":{"rendered":"https:\/\/padrepinopuglisi.chiesadipalermo.it\/fr\/?p=773"},"modified":"2018-09-02T17:19:24","modified_gmt":"2018-09-02T15:19:24","slug":"la-syndrome-du-torticolis","status":"publish","type":"post","link":"https:\/\/padrepinopuglisi.chiesadipalermo.it\/fr\/la-syndrome-du-torticolis\/","title":{"rendered":"La syndrome du torticolis"},"content":{"rendered":"\n<style type=\"text\/css\" data-created_by=\"avia_inline_auto\" id=\"style-css-av-1wbp9-48fee29a453f390f141bb39679857c47\">\n.flex_column.av-1wbp9-48fee29a453f390f141bb39679857c47{\nborder-radius:0px 0px 0px 0px;\npadding:0px 0px 0px 0px;\n}\n<\/style>\n<div  class='flex_column av-1wbp9-48fee29a453f390f141bb39679857c47 av_one_third  avia-builder-el-0  el_before_av_two_third  avia-builder-el-first  first flex_column_div av-zero-column-padding  '     ><style type=\"text\/css\" data-created_by=\"avia_inline_auto\" id=\"style-css-av-jlf33soo-65be049626f1a7b0b468904466c0b757\">\n.avia-image-container.av-jlf33soo-65be049626f1a7b0b468904466c0b757 img.avia_image{\nbox-shadow:none;\n}\n.avia-image-container.av-jlf33soo-65be049626f1a7b0b468904466c0b757 .av-image-caption-overlay-center{\ncolor:#ffffff;\n}\n<\/style>\n<div  class='avia-image-container av-jlf33soo-65be049626f1a7b0b468904466c0b757 av-styling- avia-align-center  avia-builder-el-1  avia-builder-el-no-sibling '   itemprop=\"image\" itemscope=\"itemscope\" itemtype=\"https:\/\/schema.org\/ImageObject\" ><div class=\"avia-image-container-inner\"><div class=\"avia-image-overlay-wrap\"><img decoding=\"async\" fetchpriority=\"high\" class='wp-image-775 avia-img-lazy-loading-not-775 avia_image ' src=\"https:\/\/padrepinopuglisi.chiesadipalermo.it\/fr\/wp-content\/uploads\/3P04_varie\/3P04_1717_voltarsi_indietro-300x210.jpg\" alt='' title='3P04_1717_voltarsi_indietro'  height=\"210\" width=\"300\"  itemprop=\"thumbnailUrl\" srcset=\"https:\/\/padrepinopuglisi.chiesadipalermo.it\/fr\/wp-content\/uploads\/3P04_varie\/3P04_1717_voltarsi_indietro-300x210.jpg 300w, https:\/\/padrepinopuglisi.chiesadipalermo.it\/fr\/wp-content\/uploads\/3P04_varie\/3P04_1717_voltarsi_indietro-24x17.jpg 24w, https:\/\/padrepinopuglisi.chiesadipalermo.it\/fr\/wp-content\/uploads\/3P04_varie\/3P04_1717_voltarsi_indietro-36x25.jpg 36w, https:\/\/padrepinopuglisi.chiesadipalermo.it\/fr\/wp-content\/uploads\/3P04_varie\/3P04_1717_voltarsi_indietro-48x34.jpg 48w, https:\/\/padrepinopuglisi.chiesadipalermo.it\/fr\/wp-content\/uploads\/3P04_varie\/3P04_1717_voltarsi_indietro.jpg 500w\" sizes=\"(max-width: 300px) 100vw, 300px\" \/><\/div><\/div><\/div><\/div>\n\n<style type=\"text\/css\" data-created_by=\"avia_inline_auto\" id=\"style-css-av-hgg1x-1d67d2529b6e48a4aec4668d7d6b1d46\">\n.flex_column.av-hgg1x-1d67d2529b6e48a4aec4668d7d6b1d46{\nborder-radius:0px 0px 0px 0px;\npadding:0px 0px 0px 0px;\n}\n<\/style>\n<div  class='flex_column av-hgg1x-1d67d2529b6e48a4aec4668d7d6b1d46 av_two_third  avia-builder-el-2  el_after_av_one_third  el_before_av_comments_list  flex_column_div av-zero-column-padding  '     ><section  class='av_textblock_section av-jlf34d7l-86c4ccfe4178e283dd3a467df83f3968 '   itemscope=\"itemscope\" itemtype=\"https:\/\/schema.org\/BlogPosting\" itemprop=\"blogPost\" ><div class='avia_textblock'  itemprop=\"text\" ><p><strong>La syndrome du torticolis.<\/strong><\/p>\n<p>Beaucoup de personnes souffrent aujourd\u2019hui de la \u00ab\u00a0syndrome du torticolis\u00a0\u00bb<br \/>\ncar elles continuent \u00e0 revenir\u00a0 en arri\u00e8re,<br \/>\nelles ont peur du pass\u00e9 et ne r\u00e9ussissent pas \u00e0 le laisser.<br \/>\nD\u2019autres pensent, r\u00e9fl\u00e9chissent tant, tant, tant qu\u2019ils ne bougent jamais.<br \/>\nA la fin, ils restent avec un pied en air pour la peur de faire un pas en avant.<\/p>\n<p style=\"text-align: right;\"><em><a href=\"https:\/\/padrepinopuglisi.chiesadipalermo.it\/fr\/a-qui-temoigner-lespoir\/\">Une autre pens\u00e9e &gt;<\/a><\/em><\/p>\n<\/div><\/section><\/div><div  class='av-buildercomment av-ba13x-4a4ba77d765491b68cfbac5b29632506'><\/div><\/p>\n","protected":false},"excerpt":{"rendered":"<p>Beaucoup de personnes souffrent aujourd\u2019hui de la \u00ab syndrome du torticolis \u00bb<br \/>\ncar elles continuent \u00e0 revenir  en arri\u00e8re,<br \/>\nelles ont peur du pass\u00e9 et ne r\u00e9ussissent pas \u00e0 le laisser.<br \/>\nD\u2019autres pensent, r\u00e9fl\u00e9chissent tant, tant, tant qu\u2019ils ne bougent jamais.<br \/>\nA la fin, ils restent avec un pied en air pour la peur de faire un pas en avant.<\/p>\n","protected":false},"author":1,"featured_media":775,"comment_status":"open","ping_status":"open","sticky":false,"template":"","format":"standard","meta":{"footnotes":""},"categories":[10],"tags":[],"class_list":["post-773","post","type-post","status-publish","format-standard","has-post-thumbnail","hentry","category-pensee-de-3p"],"yoast_head":"<!-- This site is optimized with the Yoast SEO plugin v27.0 - https:\/\/yoast.com\/product\/yoast-seo-wordpress\/ -->\n<title>La syndrome du torticolis - Martyr p\u00e8re Pino Puglisi<\/title>\n<meta name=\"robots\" content=\"index, follow, max-snippet:-1, max-image-preview:large, max-video-preview:-1\" \/>\n<link rel=\"canonical\" href=\"https:\/\/padrepinopuglisi.chiesadipalermo.it\/fr\/la-syndrome-du-torticolis\/\" \/>\n<meta property=\"og:locale\" content=\"fr_FR\" \/>\n<meta property=\"og:type\" content=\"article\" \/>\n<meta property=\"og:title\" content=\"La syndrome du torticolis - Martyr p\u00e8re Pino Puglisi\" \/>\n<meta property=\"og:description\" content=\"Beaucoup de personnes souffrent aujourd\u2019hui de la \u00ab syndrome du torticolis \u00bb  car elles continuent \u00e0 revenir en arri\u00e8re, elles ont peur du pass\u00e9 et ne r\u00e9ussissent pas \u00e0 le laisser. D\u2019autres pensent, r\u00e9fl\u00e9chissent tant, tant, tant qu\u2019ils ne bougent jamais. A la fin, ils restent avec un pied en air pour la peur de faire un pas en avant.\" \/>\n<meta property=\"og:url\" content=\"https:\/\/padrepinopuglisi.chiesadipalermo.it\/fr\/la-syndrome-du-torticolis\/\" \/>\n<meta property=\"og:site_name\" content=\"Martyr p\u00e8re Pino Puglisi\" \/>\n<meta property=\"article:published_time\" content=\"1993-09-15T18:17:01+00:00\" \/>\n<meta property=\"article:modified_time\" content=\"2018-09-02T15:19:24+00:00\" \/>\n<meta property=\"og:image\" content=\"https:\/\/padrepinopuglisi.chiesadipalermo.it\/fr\/wp-content\/uploads\/3P04_varie\/3P04_1717_voltarsi_indietro.jpg\" \/>\n\t<meta property=\"og:image:width\" content=\"500\" \/>\n\t<meta property=\"og:image:height\" content=\"350\" \/>\n\t<meta property=\"og:image:type\" content=\"image\/jpeg\" \/>\n<meta name=\"author\" content=\"pino\" \/>\n<meta name=\"twitter:card\" content=\"summary_large_image\" \/>\n<meta name=\"twitter:label1\" content=\"\u00c9crit par\" \/>\n\t<meta name=\"twitter:data1\" content=\"pino\" \/>\n\t<meta name=\"twitter:label2\" content=\"Dur\u00e9e de lecture estim\u00e9e\" \/>\n\t<meta name=\"twitter:data2\" content=\"2 minutes\" \/>\n<script type=\"application\/ld+json\" class=\"yoast-schema-graph\">{\"@context\":\"https:\/\/schema.org\",\"@graph\":[{\"@type\":\"Article\",\"@id\":\"https:\/\/padrepinopuglisi.chiesadipalermo.it\/fr\/la-syndrome-du-torticolis\/#article\",\"isPartOf\":{\"@id\":\"https:\/\/padrepinopuglisi.chiesadipalermo.it\/fr\/la-syndrome-du-torticolis\/\"},\"author\":{\"name\":\"pino\",\"@id\":\"https:\/\/padrepinopuglisi.chiesadipalermo.it\/fr\/#\/schema\/person\/c42f3337342e0dd07a0bc315a8d3c421\"},\"headline\":\"La syndrome du torticolis\",\"datePublished\":\"1993-09-15T18:17:01+00:00\",\"dateModified\":\"2018-09-02T15:19:24+00:00\",\"mainEntityOfPage\":{\"@id\":\"https:\/\/padrepinopuglisi.chiesadipalermo.it\/fr\/la-syndrome-du-torticolis\/\"},\"wordCount\":346,\"commentCount\":0,\"image\":{\"@id\":\"https:\/\/padrepinopuglisi.chiesadipalermo.it\/fr\/la-syndrome-du-torticolis\/#primaryimage\"},\"thumbnailUrl\":\"https:\/\/padrepinopuglisi.chiesadipalermo.it\/fr\/wp-content\/uploads\/3P04_varie\/3P04_1717_voltarsi_indietro.jpg\",\"articleSection\":[\"Pens\u00e9e de 3P\"],\"inLanguage\":\"fr-FR\",\"potentialAction\":[{\"@type\":\"CommentAction\",\"name\":\"Comment\",\"target\":[\"https:\/\/padrepinopuglisi.chiesadipalermo.it\/fr\/la-syndrome-du-torticolis\/#respond\"]}]},{\"@type\":\"WebPage\",\"@id\":\"https:\/\/padrepinopuglisi.chiesadipalermo.it\/fr\/la-syndrome-du-torticolis\/\",\"url\":\"https:\/\/padrepinopuglisi.chiesadipalermo.it\/fr\/la-syndrome-du-torticolis\/\",\"name\":\"La syndrome du torticolis - Martyr p\u00e8re Pino Puglisi\",\"isPartOf\":{\"@id\":\"https:\/\/padrepinopuglisi.chiesadipalermo.it\/fr\/#website\"},\"primaryImageOfPage\":{\"@id\":\"https:\/\/padrepinopuglisi.chiesadipalermo.it\/fr\/la-syndrome-du-torticolis\/#primaryimage\"},\"image\":{\"@id\":\"https:\/\/padrepinopuglisi.chiesadipalermo.it\/fr\/la-syndrome-du-torticolis\/#primaryimage\"},\"thumbnailUrl\":\"https:\/\/padrepinopuglisi.chiesadipalermo.it\/fr\/wp-content\/uploads\/3P04_varie\/3P04_1717_voltarsi_indietro.jpg\",\"datePublished\":\"1993-09-15T18:17:01+00:00\",\"dateModified\":\"2018-09-02T15:19:24+00:00\",\"author\":{\"@id\":\"https:\/\/padrepinopuglisi.chiesadipalermo.it\/fr\/#\/schema\/person\/c42f3337342e0dd07a0bc315a8d3c421\"},\"inLanguage\":\"fr-FR\",\"potentialAction\":[{\"@type\":\"ReadAction\",\"target\":[\"https:\/\/padrepinopuglisi.chiesadipalermo.it\/fr\/la-syndrome-du-torticolis\/\"]}]},{\"@type\":\"ImageObject\",\"inLanguage\":\"fr-FR\",\"@id\":\"https:\/\/padrepinopuglisi.chiesadipalermo.it\/fr\/la-syndrome-du-torticolis\/#primaryimage\",\"url\":\"https:\/\/padrepinopuglisi.chiesadipalermo.it\/fr\/wp-content\/uploads\/3P04_varie\/3P04_1717_voltarsi_indietro.jpg\",\"contentUrl\":\"https:\/\/padrepinopuglisi.chiesadipalermo.it\/fr\/wp-content\/uploads\/3P04_varie\/3P04_1717_voltarsi_indietro.jpg\",\"width\":500,\"height\":350},{\"@type\":\"WebSite\",\"@id\":\"https:\/\/padrepinopuglisi.chiesadipalermo.it\/fr\/#website\",\"url\":\"https:\/\/padrepinopuglisi.chiesadipalermo.it\/fr\/\",\"name\":\"Martyr p\u00e8re Pino Puglisi\",\"description\":\"Site Officiel sur P\u00e8re Pino Puglisi de la Archidioc\u00e8sis de Palerme\",\"potentialAction\":[{\"@type\":\"SearchAction\",\"target\":{\"@type\":\"EntryPoint\",\"urlTemplate\":\"https:\/\/padrepinopuglisi.chiesadipalermo.it\/fr\/?s={search_term_string}\"},\"query-input\":{\"@type\":\"PropertyValueSpecification\",\"valueRequired\":true,\"valueName\":\"search_term_string\"}}],\"inLanguage\":\"fr-FR\"},{\"@type\":\"Person\",\"@id\":\"https:\/\/padrepinopuglisi.chiesadipalermo.it\/fr\/#\/schema\/person\/c42f3337342e0dd07a0bc315a8d3c421\",\"name\":\"pino\",\"image\":{\"@type\":\"ImageObject\",\"inLanguage\":\"fr-FR\",\"@id\":\"https:\/\/padrepinopuglisi.chiesadipalermo.it\/fr\/#\/schema\/person\/image\/\",\"url\":\"https:\/\/secure.gravatar.com\/avatar\/8d6c4ea4d58c9eaff1122e4c55345990ec4aa56a35d37cd1c8facece465ac7f3?s=96&d=mm&r=g\",\"contentUrl\":\"https:\/\/secure.gravatar.com\/avatar\/8d6c4ea4d58c9eaff1122e4c55345990ec4aa56a35d37cd1c8facece465ac7f3?s=96&d=mm&r=g\",\"caption\":\"pino\"}}]}<\/script>\n<!-- \/ Yoast SEO plugin. -->","yoast_head_json":{"title":"La syndrome du torticolis - Martyr p\u00e8re Pino Puglisi","robots":{"index":"index","follow":"follow","max-snippet":"max-snippet:-1","max-image-preview":"max-image-preview:large","max-video-preview":"max-video-preview:-1"},"canonical":"https:\/\/padrepinopuglisi.chiesadipalermo.it\/fr\/la-syndrome-du-torticolis\/","og_locale":"fr_FR","og_type":"article","og_title":"La syndrome du torticolis - Martyr p\u00e8re Pino Puglisi","og_description":"Beaucoup de personnes souffrent aujourd\u2019hui de la \u00ab syndrome du torticolis \u00bb  car elles continuent \u00e0 revenir en arri\u00e8re, elles ont peur du pass\u00e9 et ne r\u00e9ussissent pas \u00e0 le laisser. D\u2019autres pensent, r\u00e9fl\u00e9chissent tant, tant, tant qu\u2019ils ne bougent jamais. A la fin, ils restent avec un pied en air pour la peur de faire un pas en avant.","og_url":"https:\/\/padrepinopuglisi.chiesadipalermo.it\/fr\/la-syndrome-du-torticolis\/","og_site_name":"Martyr p\u00e8re Pino Puglisi","article_published_time":"1993-09-15T18:17:01+00:00","article_modified_time":"2018-09-02T15:19:24+00:00","og_image":[{"width":500,"height":350,"url":"https:\/\/padrepinopuglisi.chiesadipalermo.it\/fr\/wp-content\/uploads\/3P04_varie\/3P04_1717_voltarsi_indietro.jpg","type":"image\/jpeg"}],"author":"pino","twitter_card":"summary_large_image","twitter_misc":{"\u00c9crit par":"pino","Dur\u00e9e de lecture estim\u00e9e":"2 minutes"},"schema":{"@context":"https:\/\/schema.org","@graph":[{"@type":"Article","@id":"https:\/\/padrepinopuglisi.chiesadipalermo.it\/fr\/la-syndrome-du-torticolis\/#article","isPartOf":{"@id":"https:\/\/padrepinopuglisi.chiesadipalermo.it\/fr\/la-syndrome-du-torticolis\/"},"author":{"name":"pino","@id":"https:\/\/padrepinopuglisi.chiesadipalermo.it\/fr\/#\/schema\/person\/c42f3337342e0dd07a0bc315a8d3c421"},"headline":"La syndrome du torticolis","datePublished":"1993-09-15T18:17:01+00:00","dateModified":"2018-09-02T15:19:24+00:00","mainEntityOfPage":{"@id":"https:\/\/padrepinopuglisi.chiesadipalermo.it\/fr\/la-syndrome-du-torticolis\/"},"wordCount":346,"commentCount":0,"image":{"@id":"https:\/\/padrepinopuglisi.chiesadipalermo.it\/fr\/la-syndrome-du-torticolis\/#primaryimage"},"thumbnailUrl":"https:\/\/padrepinopuglisi.chiesadipalermo.it\/fr\/wp-content\/uploads\/3P04_varie\/3P04_1717_voltarsi_indietro.jpg","articleSection":["Pens\u00e9e de 3P"],"inLanguage":"fr-FR","potentialAction":[{"@type":"CommentAction","name":"Comment","target":["https:\/\/padrepinopuglisi.chiesadipalermo.it\/fr\/la-syndrome-du-torticolis\/#respond"]}]},{"@type":"WebPage","@id":"https:\/\/padrepinopuglisi.chiesadipalermo.it\/fr\/la-syndrome-du-torticolis\/","url":"https:\/\/padrepinopuglisi.chiesadipalermo.it\/fr\/la-syndrome-du-torticolis\/","name":"La syndrome du torticolis - Martyr p\u00e8re Pino Puglisi","isPartOf":{"@id":"https:\/\/padrepinopuglisi.chiesadipalermo.it\/fr\/#website"},"primaryImageOfPage":{"@id":"https:\/\/padrepinopuglisi.chiesadipalermo.it\/fr\/la-syndrome-du-torticolis\/#primaryimage"},"image":{"@id":"https:\/\/padrepinopuglisi.chiesadipalermo.it\/fr\/la-syndrome-du-torticolis\/#primaryimage"},"thumbnailUrl":"https:\/\/padrepinopuglisi.chiesadipalermo.it\/fr\/wp-content\/uploads\/3P04_varie\/3P04_1717_voltarsi_indietro.jpg","datePublished":"1993-09-15T18:17:01+00:00","dateModified":"2018-09-02T15:19:24+00:00","author":{"@id":"https:\/\/padrepinopuglisi.chiesadipalermo.it\/fr\/#\/schema\/person\/c42f3337342e0dd07a0bc315a8d3c421"},"inLanguage":"fr-FR","potentialAction":[{"@type":"ReadAction","target":["https:\/\/padrepinopuglisi.chiesadipalermo.it\/fr\/la-syndrome-du-torticolis\/"]}]},{"@type":"ImageObject","inLanguage":"fr-FR","@id":"https:\/\/padrepinopuglisi.chiesadipalermo.it\/fr\/la-syndrome-du-torticolis\/#primaryimage","url":"https:\/\/padrepinopuglisi.chiesadipalermo.it\/fr\/wp-content\/uploads\/3P04_varie\/3P04_1717_voltarsi_indietro.jpg","contentUrl":"https:\/\/padrepinopuglisi.chiesadipalermo.it\/fr\/wp-content\/uploads\/3P04_varie\/3P04_1717_voltarsi_indietro.jpg","width":500,"height":350},{"@type":"WebSite","@id":"https:\/\/padrepinopuglisi.chiesadipalermo.it\/fr\/#website","url":"https:\/\/padrepinopuglisi.chiesadipalermo.it\/fr\/","name":"Martyr p\u00e8re Pino Puglisi","description":"Site Officiel sur P\u00e8re Pino Puglisi de la Archidioc\u00e8sis de Palerme","potentialAction":[{"@type":"SearchAction","target":{"@type":"EntryPoint","urlTemplate":"https:\/\/padrepinopuglisi.chiesadipalermo.it\/fr\/?s={search_term_string}"},"query-input":{"@type":"PropertyValueSpecification","valueRequired":true,"valueName":"search_term_string"}}],"inLanguage":"fr-FR"},{"@type":"Person","@id":"https:\/\/padrepinopuglisi.chiesadipalermo.it\/fr\/#\/schema\/person\/c42f3337342e0dd07a0bc315a8d3c421","name":"pino","image":{"@type":"ImageObject","inLanguage":"fr-FR","@id":"https:\/\/padrepinopuglisi.chiesadipalermo.it\/fr\/#\/schema\/person\/image\/","url":"https:\/\/secure.gravatar.com\/avatar\/8d6c4ea4d58c9eaff1122e4c55345990ec4aa56a35d37cd1c8facece465ac7f3?s=96&d=mm&r=g","contentUrl":"https:\/\/secure.gravatar.com\/avatar\/8d6c4ea4d58c9eaff1122e4c55345990ec4aa56a35d37cd1c8facece465ac7f3?s=96&d=mm&r=g","caption":"pino"}}]}},"_links":{"self":[{"href":"https:\/\/padrepinopuglisi.chiesadipalermo.it\/fr\/wp-json\/wp\/v2\/posts\/773","targetHints":{"allow":["GET"]}}],"collection":[{"href":"https:\/\/padrepinopuglisi.chiesadipalermo.it\/fr\/wp-json\/wp\/v2\/posts"}],"about":[{"href":"https:\/\/padrepinopuglisi.chiesadipalermo.it\/fr\/wp-json\/wp\/v2\/types\/post"}],"author":[{"embeddable":true,"href":"https:\/\/padrepinopuglisi.chiesadipalermo.it\/fr\/wp-json\/wp\/v2\/users\/1"}],"replies":[{"embeddable":true,"href":"https:\/\/padrepinopuglisi.chiesadipalermo.it\/fr\/wp-json\/wp\/v2\/comments?post=773"}],"version-history":[{"count":3,"href":"https:\/\/padrepinopuglisi.chiesadipalermo.it\/fr\/wp-json\/wp\/v2\/posts\/773\/revisions"}],"predecessor-version":[{"id":789,"href":"https:\/\/padrepinopuglisi.chiesadipalermo.it\/fr\/wp-json\/wp\/v2\/posts\/773\/revisions\/789"}],"wp:featuredmedia":[{"embeddable":true,"href":"https:\/\/padrepinopuglisi.chiesadipalermo.it\/fr\/wp-json\/wp\/v2\/media\/775"}],"wp:attachment":[{"href":"https:\/\/padrepinopuglisi.chiesadipalermo.it\/fr\/wp-json\/wp\/v2\/media?parent=773"}],"wp:term":[{"taxonomy":"category","embeddable":true,"href":"https:\/\/padrepinopuglisi.chiesadipalermo.it\/fr\/wp-json\/wp\/v2\/categories?post=773"},{"taxonomy":"post_tag","embeddable":true,"href":"https:\/\/padrepinopuglisi.chiesadipalermo.it\/fr\/wp-json\/wp\/v2\/tags?post=773"}],"curies":[{"name":"wp","href":"https:\/\/api.w.org\/{rel}","templated":true}]}}