{"id":495,"date":"1993-09-15T07:32:29","date_gmt":"1993-09-15T05:32:29","guid":{"rendered":"https:\/\/padrepinopuglisi.chiesadipalermo.it\/es\/?p=495"},"modified":"2022-07-16T18:02:08","modified_gmt":"2022-07-16T16:02:08","slug":"su-vida","status":"publish","type":"post","link":"https:\/\/padrepinopuglisi.chiesadipalermo.it\/es\/su-vida\/","title":{"rendered":"Su Vida"},"content":{"rendered":"<section  class='av_textblock_section av-jiy41bhk-1b17a47301fdd1913071bcd64a0c3168 '   itemscope=\"itemscope\" itemtype=\"https:\/\/schema.org\/BlogPosting\" itemprop=\"blogPost\" ><div class='avia_textblock'  itemprop=\"text\" ><h3 align=\"center\"><span style=\"color: #990000;\"><strong>SU VIDA<\/strong><\/span><\/h3>\n<p style=\"text-align: justify;\"><img loading=\"lazy\" decoding=\"async\" class=\"wp-image-375 size-medium alignleft\" src=\"https:\/\/padrepinopuglisi.chiesadipalermo.it\/es\/wp-content\/uploads\/3P02_altri\/3P02_0701_seminarista_con_i_genitori-300x166.jpg\" alt=\"\" width=\"300\" height=\"166\" srcset=\"https:\/\/padrepinopuglisi.chiesadipalermo.it\/es\/wp-content\/uploads\/3P02_altri\/3P02_0701_seminarista_con_i_genitori-300x166.jpg 300w, https:\/\/padrepinopuglisi.chiesadipalermo.it\/es\/wp-content\/uploads\/3P02_altri\/3P02_0701_seminarista_con_i_genitori-24x13.jpg 24w, https:\/\/padrepinopuglisi.chiesadipalermo.it\/es\/wp-content\/uploads\/3P02_altri\/3P02_0701_seminarista_con_i_genitori-36x20.jpg 36w, https:\/\/padrepinopuglisi.chiesadipalermo.it\/es\/wp-content\/uploads\/3P02_altri\/3P02_0701_seminarista_con_i_genitori-48x26.jpg 48w, https:\/\/padrepinopuglisi.chiesadipalermo.it\/es\/wp-content\/uploads\/3P02_altri\/3P02_0701_seminarista_con_i_genitori.jpg 600w\" sizes=\"auto, (max-width: 300px) 100vw, 300px\" \/>Don Giuseppe Puglisi naci\u00f3 en la ciudad de Palermo, en el barrio Brancaccio, calle Faraone N\u00b0 8, el 15 de Septiembre de 1937, hijo de un zapatero, Carmelo, y de Giuseppina Fana, sastra; matado por la mafia en el mismo barrio el 15 de Septiembre d\u00eda de su 56\u00b0 cumplea\u00f1os.<\/p>\n<p>En 1953 entr\u00f3 en el Seminario del la Diocesis de Palermo y fue ordenado sacerdote por el cardenal Ernesto Ruffini el 2 de Julio de 1960 en la Iglesia- Santuario de la Virgen de los Remedios. En 1961 fue vicario cooperador de la parroquia SS.mo Salvador en el barrio Settecannoli, lim\u00edtrofe con Brancaccio y desde el 27 noviembre de 1964 tambi\u00e9n empez\u00f3 trabajando en la cercana iglesia de San Juan de los Lebrosos en Romagnolo.<\/p>\n<p>Desde 1962 tambi\u00e9n fue confesor de las hermanas Hijas de Santa Macrina.<\/p>\n<p>Desde 1963 hasta 1993 ense\u00f1\u00f3 en el Instituto Profesional Einaudi (1962-63), en el colegio Archimede (1963-64 \u2013 1966-72), en el de Villafrati (1970-75), en la secci\u00f3n separada de Godrano (1976-79), en el Instituto de Magisterio Santa Macrina (1978-93) y por \u00faltimo en el bachillerato de humanidades y ciencias sociales Victorio Emanuel II (1978-93).<\/p>\n<p>En 1967 fue nombrado capell\u00e1n del Instituto para huerfanos \u201cRoosevelt\u201d en la Addaura de Palermo y adem\u00e1s vicario de la parroquia Maria Sant\u00edsima de la Asunci\u00f3n en Valdesi.<\/p>\n<p>En \u00a01969 fue escogido vice-rector del seminario menor de la di\u00f3cesis de Palermo.<\/p>\n<p>En septiembre del mismo a\u00f1o particip\u00f3 en la misi\u00f3n organizada por el Movimiento \u201cPresencia del Evangelio\u201d en el pueblo de Montevago, afectado por el terremoto.<\/p>\n<p style=\"text-align: justify;\"><img loading=\"lazy\" decoding=\"async\" class=\"size-medium wp-image-334 alignleft\" src=\"https:\/\/padrepinopuglisi.chiesadipalermo.it\/es\/wp-content\/uploads\/3P02_altri\/3P02_0594-300x198.jpg\" alt=\"\" width=\"300\" height=\"198\" srcset=\"https:\/\/padrepinopuglisi.chiesadipalermo.it\/es\/wp-content\/uploads\/3P02_altri\/3P02_0594-300x198.jpg 300w, https:\/\/padrepinopuglisi.chiesadipalermo.it\/es\/wp-content\/uploads\/3P02_altri\/3P02_0594-24x16.jpg 24w, https:\/\/padrepinopuglisi.chiesadipalermo.it\/es\/wp-content\/uploads\/3P02_altri\/3P02_0594-36x24.jpg 36w, https:\/\/padrepinopuglisi.chiesadipalermo.it\/es\/wp-content\/uploads\/3P02_altri\/3P02_0594-48x32.jpg 48w, https:\/\/padrepinopuglisi.chiesadipalermo.it\/es\/wp-content\/uploads\/3P02_altri\/3P02_0594.jpg 600w\" sizes=\"auto, (max-width: 300px) 100vw, 300px\" \/><br \/>\nDesde los primeros a\u00f1os, cuid\u00f3 a los jovenes y tuvo inter\u00e9s en las problematicas sociales de los barrios marginados de la ciudad.<\/p>\n<p>Prest\u00f3 atenci\u00f3n a los trabajos del Concilio Vaticano II y difundi\u00f3 enseguida, entre los fieles, los documentos, con especial cuidado a la renovaci\u00f3n de la liturgia, a los documentos de los laicos, al valor del ecumenismo y de las iglesias locales. Su deseo siempre fue el de encarnar el anuncio de Jesus Cristo en el territorio, haci\u00e9ndose cargo de todos los problemas para hacerlos propios de la comunidad cristiana.<\/p>\n<p>El primer de Octubre de 1970 fue designado p\u00e1rroco de Godrano, un peque\u00f1o pueblo de la provincia de Palermo afectado por una sangrienta lucha entre familias, donde se qued\u00f3 hasta el 31 de Julio de 1978, logrando reconciliar las familias destrozadas por la violencia con la fuerza del perd\u00f3n.<\/p>\n<p>En este periodo uni\u00f3 sus fuerzas con las de Lia Cerrito y otros miembros del Movimiento Cruzada del Evangelio (desde 1987 \u201cPresencia del Evangelio\u201d) fundado en 1947 por el fraile siciliano Placido Rivilli.<\/p>\n<p>Durante estos a\u00f1os se empe\u00f1\u00f3 en las batallas sociales de otra zona degradata de la periferia oriental de la ciudad, el \u201cDescargador\u201d en colaboraci\u00f3n con el centro de la zona de los \u201cDecollatos\u201d dirigido por las Asistentas Sociales Misioneras, entre ellas Agostina Aiello.<\/p>\n<p>El 9 de agosto fue eligido pro-rector del seminario de Palermo y el 24 de noviembre del a\u00f1o siguiente, el arzobispo Salvatore Pappalardo lo nombr\u00f3 director del Centro Vocaciones Diocesano.<\/p>\n<p>El 24 de Octubre de 1980 fue nombrado vice delegado regional del Centro Vocaciones y desde el 5 de febrero 1986 fue director del Centro Regional Vocaciones y miembro del Consejo Nacional.<\/p>\n<p>A los estudiantes y a los j\u00f3venes del Centro Diocesano Vocaciones dedic\u00f3 largos a\u00f1os con mucha pasi\u00f3n y, a trav\u00e9s de unos \u201ccampi-scuola\u201d, realiz\u00f3 un camino formativo ejemplar desde el punto de vista pedagogico y cristiano.<\/p>\n<p style=\"text-align: justify;\"><img loading=\"lazy\" decoding=\"async\" class=\"alignleft size-medium wp-image-3733\" src=\"http:\/\/www.beatopadrepinopuglisi.it\/en\/wp-content\/uploads\/3P02_altri\/3P02_0527-300x237.jpg\" alt=\"\" width=\"300\" height=\"237\" \/><br \/>\nA Palermo y en otras partes de Sicilia fue animador de numerosos movimientos como \u201cPresencia del Evangelio\u201d, Acci\u00f3n Cat\u00f3lica, \u201cEquipe Notre Dame\u201d, \u201cCaminar Juntos\u201d.<\/p>\n<p>Desde mayo 1990 desarroll\u00f3 su ministerio sacerdotal tambi\u00e9n en la \u201cCasa de la Virgen de la Acogida\u201d en Boccadifalco, obra del Cardenal Ernesto Ruffini, en favor de las jovenes mujeres y chicas-madres en dificultad.<\/p>\n<p>El 29 de septiembre de 1990 fue parroco en la parroquia San Gaetano de Brancaccio, y desde Octubre de 1992 tambi\u00e9n tuvo el encargo de director espiritual de los seminaristas del curso proped\u00e9utico de la diocesi de Palermo. El 29 de noviembre de 1993 inaugur\u00f3 en Brancaccio el centro \u201cPadre Nuestro\u201d que se volvi\u00f3 en punto de referencia para los j\u00f3venes y las familias del barrio.<\/p>\n<p>En este periodo fue ayudado por un grupo de religiosas, entre ellas sor Carolina Lavazzo y por el vice parroco Gregorio Porcaro.<\/p>\n<p>Colabor\u00f3 con los laicos de la zona de la asociaci\u00f3n intercondominial para reivindicar los derechos civiles del barrio, denunciando colusiones y malavida y padeciendo amenazas e intimidaciones.<\/p>\n<p style=\"text-align: justify;\"><img loading=\"lazy\" decoding=\"async\" class=\"alignright size-medium wp-image-3672\" src=\"http:\/\/www.beatopadrepinopuglisi.it\/en\/wp-content\/uploads\/3P01_solo\/3P01_0017-300x189.jpg\" alt=\"\" width=\"300\" height=\"189\" \/><br \/>\nFue matado, cerca de su casa, en la plaza Anita Garibaldi 5, el d\u00eca de su cumplea\u00f1os, el 15 de Septiembre de 1993.<\/p>\n<p>Su cuerpo est\u00e1 enterrado en el cementerio de Santa Orsola, en la capilla de San Euno, de propriedad de la hom\u00f3nima cofrad\u00eda laical.<br \/>\nEn el mes de abril 2013 el cuerpo ha sido trasladado en la catedral.<\/p>\n<p>Su actividad pastoral, as\u00ed como ha sido reconocido tambi\u00e9n por las investigaciones judiciales &#8211; ha constituido el m\u00f3vil del omicidio, los ejecutores y mandantes mafiosos han sido preso y condenado con sentencias definitivas.<\/p>\n<p>Por este motivo,enseguida, despu\u00e9s del delicto, numerosas voces se han levantado pidiendo el reconocimiento del martirio.<\/p>\n<p>En el recuerdo de su empe\u00f1o, innumerables son las escuelas, los centros sociales, las estructuras deportivas, las calles y las plazas a \u00e9l tituladas en Palermo, en toda Sicilia, en Italia.<\/p>\n<p>Conmemoraciones e iniciativas tambi\u00e9n se han tenido al extranjero, en los Estados Unidos, en el Congo, en Australia.<\/p>\n<p>A partir de 1994, cada 15 de septiembre, aniversario de su muerte, marca el inicio del a\u00f1o pastoral de la di\u00f3cesis de Palermo.<\/p>\n<p>En el mes de diciembre de 1998, a cinco a\u00f1os del delito, el Cardenal Salvatore De Giorgi ha instituido el Tribunal eclesi\u00e1stico diocesano por el reconocimiento del martirio. La investigaci\u00f3n ha sido concluida a nivel diocesano en mayo 2001 y el expediente ha sido enviado a la Congregaci\u00f3n por las Causas de los Sanos en Vaticano. En el mes de agosto de 2010 el Cardenal Paolo Romeo ha nombrado el nuevo postulator, mons. Vincenzo Bertolone.<\/p>\n<p style=\"text-align: justify;\"><b><img loading=\"lazy\" decoding=\"async\" class=\"alignright size-medium wp-image-3708\" src=\"http:\/\/www.beatopadrepinopuglisi.it\/en\/wp-content\/uploads\/3P01_solo\/3P01_0060-189x300.png\" alt=\"\" width=\"189\" height=\"300\" \/><br \/>\n<strong>En el mes de\u00a0 junio de 2012 la Congregaci\u00f3n ha dado el consentimiento final a la promulgaci\u00f3n del decreto por el reconocimiento del martirio de don Puglisi. El 25 de mayo de 2013 la beatificaci\u00f3n al estadio Barbera de Palermo.<\/strong><\/b><\/p>\n<p>Pronto se constituy\u00f3 en el Centro Diocesanos vocaciones, un \u00abArchivo Puglisi\u00bb en la calle Matteo Bonello en Palermo, donde se recogieron escritos publicados e in\u00e9ditos, grabaciones, testimonios y art\u00edculos.<\/p>\n<p>Su vida y su muerte han sido testimonios de su fidelidad al \u00fanico Se\u00f1or y han disvelato la maldad y la total incompatibilidad de la mafia con el mensaje evang\u00e9lico.<\/p>\n<p>\u00ab<em>El creyente que haya tomado seriamente en consideraci\u00f3n la vocaci\u00f3n cristiana, en la cual el martirio es una posibilidad anunciada ya por la Revelaci\u00f3n, no puede excluir esta perspectiva en su propio horizonte existencial. Los dos mil a\u00f1os transcurridos desde el nacimiento de Cristo se caracterizan por el constante testimonio de los m\u00e1rtires.<\/em>\u00bb<\/p>\n<p>(Giovanni Paolo II\u00a0 <a href=\"http:\/\/w2.vatican.va\/content\/john-paul-ii\/es\/jubilee\/documents\/hf_jp-ii_doc_19981129_bolla-incarnationis-mysterium.html\" target=\"_blank\" rel=\"noopener\">Incarnationis Mysterium, n.13<\/a>)<\/p>\n<\/div><\/section>\n<div  class='av-buildercomment av-9dhav-3376ab9b84914dbb5791cff88f5ae5c8'><\/div>\n","protected":false},"excerpt":{"rendered":"","protected":false},"author":3,"featured_media":274,"comment_status":"open","ping_status":"open","sticky":false,"template":"","format":"standard","meta":{"footnotes":""},"categories":[7],"tags":[],"class_list":["post-495","post","type-post","status-publish","format-standard","has-post-thumbnail","hentry","category-biografia"],"yoast_head":"<!-- This site is optimized with the Yoast SEO plugin v27.0 - https:\/\/yoast.com\/product\/yoast-seo-wordpress\/ -->\n<title>Su Vida - Martyr p\u00e8re Pino Puglisi<\/title>\n<meta name=\"robots\" content=\"index, follow, max-snippet:-1, max-image-preview:large, max-video-preview:-1\" \/>\n<link rel=\"canonical\" href=\"https:\/\/padrepinopuglisi.chiesadipalermo.it\/es\/su-vida\/\" \/>\n<meta property=\"og:locale\" content=\"es_ES\" \/>\n<meta property=\"og:type\" content=\"article\" \/>\n<meta property=\"og:title\" content=\"Su Vida - Martyr p\u00e8re Pino Puglisi\" \/>\n<meta property=\"og:url\" content=\"https:\/\/padrepinopuglisi.chiesadipalermo.it\/es\/su-vida\/\" \/>\n<meta property=\"og:site_name\" content=\"Martyr p\u00e8re Pino Puglisi\" \/>\n<meta property=\"article:published_time\" content=\"1993-09-15T05:32:29+00:00\" \/>\n<meta property=\"article:modified_time\" content=\"2022-07-16T16:02:08+00:00\" \/>\n<meta property=\"og:image\" content=\"https:\/\/padrepinopuglisi.chiesadipalermo.it\/es\/wp-content\/uploads\/3P01_solo\/3P01_0060_R.jpg\" \/>\n\t<meta property=\"og:image:width\" content=\"250\" \/>\n\t<meta property=\"og:image:height\" content=\"250\" \/>\n\t<meta property=\"og:image:type\" content=\"image\/jpeg\" \/>\n<meta name=\"author\" content=\"Giovanni Mura\" \/>\n<meta name=\"twitter:card\" content=\"summary_large_image\" \/>\n<meta name=\"twitter:label1\" content=\"Escrito por\" \/>\n\t<meta name=\"twitter:data1\" content=\"Giovanni Mura\" \/>\n\t<meta name=\"twitter:label2\" content=\"Tiempo de lectura\" \/>\n\t<meta name=\"twitter:data2\" content=\"7 minutos\" \/>\n<script type=\"application\/ld+json\" class=\"yoast-schema-graph\">{\"@context\":\"https:\/\/schema.org\",\"@graph\":[{\"@type\":\"Article\",\"@id\":\"https:\/\/padrepinopuglisi.chiesadipalermo.it\/es\/su-vida\/#article\",\"isPartOf\":{\"@id\":\"https:\/\/padrepinopuglisi.chiesadipalermo.it\/es\/su-vida\/\"},\"author\":{\"name\":\"Giovanni Mura\",\"@id\":\"https:\/\/padrepinopuglisi.chiesadipalermo.it\/es\/#\/schema\/person\/6ddd4cefc70e84ee913b596f149bc2d7\"},\"headline\":\"Su Vida\",\"datePublished\":\"1993-09-15T05:32:29+00:00\",\"dateModified\":\"2022-07-16T16:02:08+00:00\",\"mainEntityOfPage\":{\"@id\":\"https:\/\/padrepinopuglisi.chiesadipalermo.it\/es\/su-vida\/\"},\"wordCount\":1246,\"commentCount\":0,\"image\":{\"@id\":\"https:\/\/padrepinopuglisi.chiesadipalermo.it\/es\/su-vida\/#primaryimage\"},\"thumbnailUrl\":\"https:\/\/padrepinopuglisi.chiesadipalermo.it\/es\/wp-content\/uploads\/3P01_solo\/3P01_0060_R.jpg\",\"articleSection\":[\"Biografia\"],\"inLanguage\":\"es\",\"potentialAction\":[{\"@type\":\"CommentAction\",\"name\":\"Comment\",\"target\":[\"https:\/\/padrepinopuglisi.chiesadipalermo.it\/es\/su-vida\/#respond\"]}]},{\"@type\":\"WebPage\",\"@id\":\"https:\/\/padrepinopuglisi.chiesadipalermo.it\/es\/su-vida\/\",\"url\":\"https:\/\/padrepinopuglisi.chiesadipalermo.it\/es\/su-vida\/\",\"name\":\"Su Vida - Martyr p\u00e8re Pino Puglisi\",\"isPartOf\":{\"@id\":\"https:\/\/padrepinopuglisi.chiesadipalermo.it\/es\/#website\"},\"primaryImageOfPage\":{\"@id\":\"https:\/\/padrepinopuglisi.chiesadipalermo.it\/es\/su-vida\/#primaryimage\"},\"image\":{\"@id\":\"https:\/\/padrepinopuglisi.chiesadipalermo.it\/es\/su-vida\/#primaryimage\"},\"thumbnailUrl\":\"https:\/\/padrepinopuglisi.chiesadipalermo.it\/es\/wp-content\/uploads\/3P01_solo\/3P01_0060_R.jpg\",\"datePublished\":\"1993-09-15T05:32:29+00:00\",\"dateModified\":\"2022-07-16T16:02:08+00:00\",\"author\":{\"@id\":\"https:\/\/padrepinopuglisi.chiesadipalermo.it\/es\/#\/schema\/person\/6ddd4cefc70e84ee913b596f149bc2d7\"},\"inLanguage\":\"es\",\"potentialAction\":[{\"@type\":\"ReadAction\",\"target\":[\"https:\/\/padrepinopuglisi.chiesadipalermo.it\/es\/su-vida\/\"]}]},{\"@type\":\"ImageObject\",\"inLanguage\":\"es\",\"@id\":\"https:\/\/padrepinopuglisi.chiesadipalermo.it\/es\/su-vida\/#primaryimage\",\"url\":\"https:\/\/padrepinopuglisi.chiesadipalermo.it\/es\/wp-content\/uploads\/3P01_solo\/3P01_0060_R.jpg\",\"contentUrl\":\"https:\/\/padrepinopuglisi.chiesadipalermo.it\/es\/wp-content\/uploads\/3P01_solo\/3P01_0060_R.jpg\",\"width\":250,\"height\":250},{\"@type\":\"WebSite\",\"@id\":\"https:\/\/padrepinopuglisi.chiesadipalermo.it\/es\/#website\",\"url\":\"https:\/\/padrepinopuglisi.chiesadipalermo.it\/es\/\",\"name\":\"Martyr p\u00e8re Pino Puglisi\",\"description\":\"Site Officiel sur P\u00e8re Pino Puglisi de la Archidioc\u00e8sis de Palerme\",\"potentialAction\":[{\"@type\":\"SearchAction\",\"target\":{\"@type\":\"EntryPoint\",\"urlTemplate\":\"https:\/\/padrepinopuglisi.chiesadipalermo.it\/es\/?s={search_term_string}\"},\"query-input\":{\"@type\":\"PropertyValueSpecification\",\"valueRequired\":true,\"valueName\":\"search_term_string\"}}],\"inLanguage\":\"es\"},{\"@type\":\"Person\",\"@id\":\"https:\/\/padrepinopuglisi.chiesadipalermo.it\/es\/#\/schema\/person\/6ddd4cefc70e84ee913b596f149bc2d7\",\"name\":\"Giovanni Mura\",\"image\":{\"@type\":\"ImageObject\",\"inLanguage\":\"es\",\"@id\":\"https:\/\/padrepinopuglisi.chiesadipalermo.it\/es\/#\/schema\/person\/image\/\",\"url\":\"https:\/\/secure.gravatar.com\/avatar\/0184906ddf5d575c693bafbae0323bc64637988a9b1f2cfb8cecf5015eb2f587?s=96&d=mm&r=g\",\"contentUrl\":\"https:\/\/secure.gravatar.com\/avatar\/0184906ddf5d575c693bafbae0323bc64637988a9b1f2cfb8cecf5015eb2f587?s=96&d=mm&r=g\",\"caption\":\"Giovanni Mura\"},\"sameAs\":[\"http:\/\/padrepinopuglisi.chiesadipalermo.it\"]}]}<\/script>\n<!-- \/ Yoast SEO plugin. -->","yoast_head_json":{"title":"Su Vida - Martyr p\u00e8re Pino Puglisi","robots":{"index":"index","follow":"follow","max-snippet":"max-snippet:-1","max-image-preview":"max-image-preview:large","max-video-preview":"max-video-preview:-1"},"canonical":"https:\/\/padrepinopuglisi.chiesadipalermo.it\/es\/su-vida\/","og_locale":"es_ES","og_type":"article","og_title":"Su Vida - Martyr p\u00e8re Pino Puglisi","og_url":"https:\/\/padrepinopuglisi.chiesadipalermo.it\/es\/su-vida\/","og_site_name":"Martyr p\u00e8re Pino Puglisi","article_published_time":"1993-09-15T05:32:29+00:00","article_modified_time":"2022-07-16T16:02:08+00:00","og_image":[{"width":250,"height":250,"url":"https:\/\/padrepinopuglisi.chiesadipalermo.it\/es\/wp-content\/uploads\/3P01_solo\/3P01_0060_R.jpg","type":"image\/jpeg"}],"author":"Giovanni Mura","twitter_card":"summary_large_image","twitter_misc":{"Escrito por":"Giovanni Mura","Tiempo de lectura":"7 minutos"},"schema":{"@context":"https:\/\/schema.org","@graph":[{"@type":"Article","@id":"https:\/\/padrepinopuglisi.chiesadipalermo.it\/es\/su-vida\/#article","isPartOf":{"@id":"https:\/\/padrepinopuglisi.chiesadipalermo.it\/es\/su-vida\/"},"author":{"name":"Giovanni Mura","@id":"https:\/\/padrepinopuglisi.chiesadipalermo.it\/es\/#\/schema\/person\/6ddd4cefc70e84ee913b596f149bc2d7"},"headline":"Su Vida","datePublished":"1993-09-15T05:32:29+00:00","dateModified":"2022-07-16T16:02:08+00:00","mainEntityOfPage":{"@id":"https:\/\/padrepinopuglisi.chiesadipalermo.it\/es\/su-vida\/"},"wordCount":1246,"commentCount":0,"image":{"@id":"https:\/\/padrepinopuglisi.chiesadipalermo.it\/es\/su-vida\/#primaryimage"},"thumbnailUrl":"https:\/\/padrepinopuglisi.chiesadipalermo.it\/es\/wp-content\/uploads\/3P01_solo\/3P01_0060_R.jpg","articleSection":["Biografia"],"inLanguage":"es","potentialAction":[{"@type":"CommentAction","name":"Comment","target":["https:\/\/padrepinopuglisi.chiesadipalermo.it\/es\/su-vida\/#respond"]}]},{"@type":"WebPage","@id":"https:\/\/padrepinopuglisi.chiesadipalermo.it\/es\/su-vida\/","url":"https:\/\/padrepinopuglisi.chiesadipalermo.it\/es\/su-vida\/","name":"Su Vida - Martyr p\u00e8re Pino Puglisi","isPartOf":{"@id":"https:\/\/padrepinopuglisi.chiesadipalermo.it\/es\/#website"},"primaryImageOfPage":{"@id":"https:\/\/padrepinopuglisi.chiesadipalermo.it\/es\/su-vida\/#primaryimage"},"image":{"@id":"https:\/\/padrepinopuglisi.chiesadipalermo.it\/es\/su-vida\/#primaryimage"},"thumbnailUrl":"https:\/\/padrepinopuglisi.chiesadipalermo.it\/es\/wp-content\/uploads\/3P01_solo\/3P01_0060_R.jpg","datePublished":"1993-09-15T05:32:29+00:00","dateModified":"2022-07-16T16:02:08+00:00","author":{"@id":"https:\/\/padrepinopuglisi.chiesadipalermo.it\/es\/#\/schema\/person\/6ddd4cefc70e84ee913b596f149bc2d7"},"inLanguage":"es","potentialAction":[{"@type":"ReadAction","target":["https:\/\/padrepinopuglisi.chiesadipalermo.it\/es\/su-vida\/"]}]},{"@type":"ImageObject","inLanguage":"es","@id":"https:\/\/padrepinopuglisi.chiesadipalermo.it\/es\/su-vida\/#primaryimage","url":"https:\/\/padrepinopuglisi.chiesadipalermo.it\/es\/wp-content\/uploads\/3P01_solo\/3P01_0060_R.jpg","contentUrl":"https:\/\/padrepinopuglisi.chiesadipalermo.it\/es\/wp-content\/uploads\/3P01_solo\/3P01_0060_R.jpg","width":250,"height":250},{"@type":"WebSite","@id":"https:\/\/padrepinopuglisi.chiesadipalermo.it\/es\/#website","url":"https:\/\/padrepinopuglisi.chiesadipalermo.it\/es\/","name":"Martyr p\u00e8re Pino Puglisi","description":"Site Officiel sur P\u00e8re Pino Puglisi de la Archidioc\u00e8sis de Palerme","potentialAction":[{"@type":"SearchAction","target":{"@type":"EntryPoint","urlTemplate":"https:\/\/padrepinopuglisi.chiesadipalermo.it\/es\/?s={search_term_string}"},"query-input":{"@type":"PropertyValueSpecification","valueRequired":true,"valueName":"search_term_string"}}],"inLanguage":"es"},{"@type":"Person","@id":"https:\/\/padrepinopuglisi.chiesadipalermo.it\/es\/#\/schema\/person\/6ddd4cefc70e84ee913b596f149bc2d7","name":"Giovanni Mura","image":{"@type":"ImageObject","inLanguage":"es","@id":"https:\/\/padrepinopuglisi.chiesadipalermo.it\/es\/#\/schema\/person\/image\/","url":"https:\/\/secure.gravatar.com\/avatar\/0184906ddf5d575c693bafbae0323bc64637988a9b1f2cfb8cecf5015eb2f587?s=96&d=mm&r=g","contentUrl":"https:\/\/secure.gravatar.com\/avatar\/0184906ddf5d575c693bafbae0323bc64637988a9b1f2cfb8cecf5015eb2f587?s=96&d=mm&r=g","caption":"Giovanni Mura"},"sameAs":["http:\/\/padrepinopuglisi.chiesadipalermo.it"]}]}},"_links":{"self":[{"href":"https:\/\/padrepinopuglisi.chiesadipalermo.it\/es\/wp-json\/wp\/v2\/posts\/495","targetHints":{"allow":["GET"]}}],"collection":[{"href":"https:\/\/padrepinopuglisi.chiesadipalermo.it\/es\/wp-json\/wp\/v2\/posts"}],"about":[{"href":"https:\/\/padrepinopuglisi.chiesadipalermo.it\/es\/wp-json\/wp\/v2\/types\/post"}],"author":[{"embeddable":true,"href":"https:\/\/padrepinopuglisi.chiesadipalermo.it\/es\/wp-json\/wp\/v2\/users\/3"}],"replies":[{"embeddable":true,"href":"https:\/\/padrepinopuglisi.chiesadipalermo.it\/es\/wp-json\/wp\/v2\/comments?post=495"}],"version-history":[{"count":8,"href":"https:\/\/padrepinopuglisi.chiesadipalermo.it\/es\/wp-json\/wp\/v2\/posts\/495\/revisions"}],"predecessor-version":[{"id":898,"href":"https:\/\/padrepinopuglisi.chiesadipalermo.it\/es\/wp-json\/wp\/v2\/posts\/495\/revisions\/898"}],"wp:featuredmedia":[{"embeddable":true,"href":"https:\/\/padrepinopuglisi.chiesadipalermo.it\/es\/wp-json\/wp\/v2\/media\/274"}],"wp:attachment":[{"href":"https:\/\/padrepinopuglisi.chiesadipalermo.it\/es\/wp-json\/wp\/v2\/media?parent=495"}],"wp:term":[{"taxonomy":"category","embeddable":true,"href":"https:\/\/padrepinopuglisi.chiesadipalermo.it\/es\/wp-json\/wp\/v2\/categories?post=495"},{"taxonomy":"post_tag","embeddable":true,"href":"https:\/\/padrepinopuglisi.chiesadipalermo.it\/es\/wp-json\/wp\/v2\/tags?post=495"}],"curies":[{"name":"wp","href":"https:\/\/api.w.org\/{rel}","templated":true}]}}